{"id":6577,"date":"2026-04-29T20:30:35","date_gmt":"2026-04-29T18:30:35","guid":{"rendered":"http:\/\/whystory.pl\/en\/?p=6577"},"modified":"2026-04-29T20:30:37","modified_gmt":"2026-04-29T18:30:37","slug":"nothing-is-impossible","status":"publish","type":"post","link":"http:\/\/whystory.pl\/en\/nothing-is-impossible\/","title":{"rendered":"Nothing is impossible"},"content":{"rendered":"\n<p><\/p>\n\n\n\n<h3><strong>A\u00a0interview with Dr. Joanna Soko\u0142owska-Czarnecka, principal of\u00a0School and\u00a0Preschool Complex No.\u00a016 in Gliwice, about her passion for\u00a0schoolwork, her ability to\u00a0unite a\u00a0team, and the successful implementation of difficult plans. The\u00a0principal has just been nominated for the <em>Charismatic Woman<\/em> award.<\/strong><\/h3>\n\n\n\n<h4><strong>Were you born a\u00a0Charismatic Woman?<\/strong><\/h4>\n\n\n\n<p>Hmm, not really. I&nbsp;didn\u2019t serve as a&nbsp;leader at school, nor did I&nbsp;strive for such roles, but I\u2019ve always been interested in social issues. As a&nbsp;teenager, I&nbsp;joined the \u201eWsp\u00f3lnota Burego Misia\u201d (Brown Bear Community), which supports people with disabilities. We organized summer camps, and over time, I&nbsp;became their commander and then the leader of the Gliwice community. This experience taught me responsibility, cooperation, and empathy. I&nbsp;also understood the importance of relationships and attentiveness to others.<\/p>\n\n\n\n<p>After graduation, I&nbsp;began working as a&nbsp;Polish language teacher, simultaneously engaging students in social and artistic activities. We prepared performances for the local community, including nativity plays and performances in social welfare homes. I&nbsp;believe that theatre develops sensitivity and creativity. These earlier activities resulted in the \u201ePerypetie\u201d School Theatre Performances Festival, which is organized twice a&nbsp;year by the school. The autumn edition is an improvisational event, and for the May festival, students prepare short performances. The competition is citywide.<\/p>\n\n\n\n<h4><strong>So, has a\u00a0passion for creating and creating been with you since your youth?<\/strong><\/h4>\n\n\n\n<p>Yes. I&nbsp;graduated from music school, enjoyed painting, and love theatre. I&nbsp;led theatre clubs, collaborated with universities, and engaged young people in artistic projects. These experiences influenced my way of working with students \u2013 I&nbsp;focus on developing their creativity and openness.<\/p>\n\n\n\n<figure class=\"wp-container-2 wp-block-gallery-1 wp-block-gallery has-nested-images columns-default is-cropped\">\n<figure class=\"wp-block-image size-large\"><img loading=\"lazy\" width=\"1698\" height=\"2560\" data-id=\"6584\"  src=\"http:\/\/whystory.pl\/en\/wp-content\/uploads\/2026\/04\/IMG-2715-scaled.jpg\" alt=\"\" class=\"wp-image-6584\" srcset=\"http:\/\/whystory.pl\/en\/wp-content\/uploads\/2026\/04\/IMG-2715-scaled.jpg 1698w, http:\/\/whystory.pl\/en\/wp-content\/uploads\/2026\/04\/IMG-2715-199x300.jpg 199w, http:\/\/whystory.pl\/en\/wp-content\/uploads\/2026\/04\/IMG-2715-679x1024.jpg 679w, http:\/\/whystory.pl\/en\/wp-content\/uploads\/2026\/04\/IMG-2715-768x1158.jpg 768w, http:\/\/whystory.pl\/en\/wp-content\/uploads\/2026\/04\/IMG-2715-1019x1536.jpg 1019w, http:\/\/whystory.pl\/en\/wp-content\/uploads\/2026\/04\/IMG-2715-1358x2048.jpg 1358w, http:\/\/whystory.pl\/en\/wp-content\/uploads\/2026\/04\/IMG-2715-696x1050.jpg 696w, http:\/\/whystory.pl\/en\/wp-content\/uploads\/2026\/04\/IMG-2715-1068x1611.jpg 1068w, http:\/\/whystory.pl\/en\/wp-content\/uploads\/2026\/04\/IMG-2715-279x420.jpg 279w\" sizes=\"(max-width: 1698px) 100vw, 1698px\" \/><\/figure>\n\n\n\n<figure class=\"wp-block-image size-large\"><img loading=\"lazy\" width=\"1471\" height=\"2560\" data-id=\"6581\"  src=\"http:\/\/whystory.pl\/en\/wp-content\/uploads\/2026\/04\/IMG-2616-scaled.jpg\" alt=\"\" class=\"wp-image-6581\" srcset=\"http:\/\/whystory.pl\/en\/wp-content\/uploads\/2026\/04\/IMG-2616-scaled.jpg 1471w, http:\/\/whystory.pl\/en\/wp-content\/uploads\/2026\/04\/IMG-2616-172x300.jpg 172w, http:\/\/whystory.pl\/en\/wp-content\/uploads\/2026\/04\/IMG-2616-588x1024.jpg 588w, http:\/\/whystory.pl\/en\/wp-content\/uploads\/2026\/04\/IMG-2616-768x1337.jpg 768w, http:\/\/whystory.pl\/en\/wp-content\/uploads\/2026\/04\/IMG-2616-883x1536.jpg 883w, http:\/\/whystory.pl\/en\/wp-content\/uploads\/2026\/04\/IMG-2616-1177x2048.jpg 1177w, http:\/\/whystory.pl\/en\/wp-content\/uploads\/2026\/04\/IMG-2616-696x1211.jpg 696w, http:\/\/whystory.pl\/en\/wp-content\/uploads\/2026\/04\/IMG-2616-1068x1859.jpg 1068w, http:\/\/whystory.pl\/en\/wp-content\/uploads\/2026\/04\/IMG-2616-241x420.jpg 241w\" sizes=\"(max-width: 1471px) 100vw, 1471px\" \/><\/figure>\n<\/figure>\n\n\n\n<h4><strong>Did the charisma of your youth transformed into adulthood?<\/strong><\/h4>\n\n\n\n<p>Yes. I&nbsp;wanted to be a&nbsp;teacher since childhood. At first, I&nbsp;seriously considered qualifying as a&nbsp;math teacher, but then I&nbsp;watched \u201eDead Poets Society\u201d and chose a&nbsp;different role: not pure mathematics, but the Polish language, which offers opportunities for personal interpretation and reflection, and above all, for establishing a&nbsp;connection with students. After graduating, I&nbsp;started working at school and was convinced that I&nbsp;would infect young people with my passion for the Polish language, encourage them to study well and read widely. I&nbsp;wanted them to feel empowered, but also responsible and able to act in various capacities\u2026 but I&nbsp;quickly realized that building relationships was paramount.<\/p>\n\n\n\n<h4><strong>You also earned a\u00a0doctorate.<\/strong><\/h4>\n\n\n\n<p>Yes, a&nbsp;doctorate was supposed to be a&nbsp;natural continuation of my studies, but right after graduation, I&nbsp;decided to postpone it because I&nbsp;had to organize a&nbsp;camp for children with disabilities, and that was my priority at the time. The following year, I&nbsp;enrolled in doctoral studies, but this project had to wait almost 20 years\u2026 I&nbsp;finally wrote my doctoral thesis on Czes\u0142aw Mi\u0142osz\u2019s \u201efemale relatives\u201d under the supervision of Professor Marek Bernacki, a&nbsp;renowned Mi\u0142osz scholar, and successfully defended it two years ago at the University of Bielsko-Bia\u0142a.<\/p>\n\n\n\n<figure class=\"wp-container-4 wp-block-gallery-3 wp-block-gallery has-nested-images columns-default is-cropped\">\n<figure class=\"wp-block-image size-large\"><img loading=\"lazy\" width=\"1920\" height=\"2560\" data-id=\"6583\"  src=\"http:\/\/whystory.pl\/en\/wp-content\/uploads\/2026\/04\/IMG-7053-scaled.jpg\" alt=\"\" class=\"wp-image-6583\" srcset=\"http:\/\/whystory.pl\/en\/wp-content\/uploads\/2026\/04\/IMG-7053-scaled.jpg 1920w, http:\/\/whystory.pl\/en\/wp-content\/uploads\/2026\/04\/IMG-7053-225x300.jpg 225w, http:\/\/whystory.pl\/en\/wp-content\/uploads\/2026\/04\/IMG-7053-768x1024.jpg 768w, http:\/\/whystory.pl\/en\/wp-content\/uploads\/2026\/04\/IMG-7053-1152x1536.jpg 1152w, http:\/\/whystory.pl\/en\/wp-content\/uploads\/2026\/04\/IMG-7053-1536x2048.jpg 1536w, http:\/\/whystory.pl\/en\/wp-content\/uploads\/2026\/04\/IMG-7053-696x928.jpg 696w, http:\/\/whystory.pl\/en\/wp-content\/uploads\/2026\/04\/IMG-7053-1068x1424.jpg 1068w, http:\/\/whystory.pl\/en\/wp-content\/uploads\/2026\/04\/IMG-7053-315x420.jpg 315w\" sizes=\"(max-width: 1920px) 100vw, 1920px\" \/><\/figure>\n\n\n\n<figure class=\"wp-block-image size-large\"><img loading=\"lazy\" width=\"1827\" height=\"2560\" data-id=\"6582\"  src=\"http:\/\/whystory.pl\/en\/wp-content\/uploads\/2026\/04\/IMG-1673-scaled.jpg\" alt=\"\" class=\"wp-image-6582\" srcset=\"http:\/\/whystory.pl\/en\/wp-content\/uploads\/2026\/04\/IMG-1673-scaled.jpg 1827w, http:\/\/whystory.pl\/en\/wp-content\/uploads\/2026\/04\/IMG-1673-214x300.jpg 214w, http:\/\/whystory.pl\/en\/wp-content\/uploads\/2026\/04\/IMG-1673-731x1024.jpg 731w, http:\/\/whystory.pl\/en\/wp-content\/uploads\/2026\/04\/IMG-1673-768x1076.jpg 768w, http:\/\/whystory.pl\/en\/wp-content\/uploads\/2026\/04\/IMG-1673-1096x1536.jpg 1096w, http:\/\/whystory.pl\/en\/wp-content\/uploads\/2026\/04\/IMG-1673-1462x2048.jpg 1462w, http:\/\/whystory.pl\/en\/wp-content\/uploads\/2026\/04\/IMG-1673-696x975.jpg 696w, http:\/\/whystory.pl\/en\/wp-content\/uploads\/2026\/04\/IMG-1673-1068x1496.jpg 1068w, http:\/\/whystory.pl\/en\/wp-content\/uploads\/2026\/04\/IMG-1673-300x420.jpg 300w\" sizes=\"(max-width: 1827px) 100vw, 1827px\" \/><\/figure>\n<\/figure>\n\n\n\n<h4><strong>What challenges does school face today?<\/strong><\/h4>\n\n\n\n<p>Like many institutions, we deal with contemporary issues: children\u2019s loneliness, family difficulties, and mental health crises. Access to specialists, such as psychologists, is also a&nbsp;challenge. That\u2019s why I\u2019m developing my own skills \u2013 I\u2019m studying Nonviolent Communication, I\u2019ve completed a&nbsp;coaching degree, and I\u2019m considering further training.<\/p>\n\n\n\n<h4><strong>What are you doing now besides work<\/strong>ing at school?<\/h4>\n\n\n\n<p>Primarily working at school, although I&nbsp;also occasionally conduct training for teachers and share my experience. I&nbsp;also collaborate with the University of Bielsko-Bia\u0142a Publishing House, where I&nbsp;publish columns that offer a&nbsp;practical perspective on changes in education and demonstrate that they are truly possible. I&nbsp;also devote a&nbsp;significant amount of time to personal development,<\/p>\n\n\n\n<p>Particularly in the area of \u200b\u200bcommunication \u2013 I&nbsp;am studying Nonviolent Communication (NVC) and the Process Communication Model (PCM).<\/p>\n\n\n\n<p>I&nbsp;also travel abroad for training. A&nbsp;significant experience for me was participating in an Erasmus+ project and a&nbsp;trip to Portugal, where I&nbsp;learned about project-based methods. After returning, I&nbsp;decided to implement them in our school. Initially, the idea raised some doubts, but today, two years later, we are successfully implementing cross-curricular projects. Students present the results of their work in the school forum, which significantly impacts their development and self-confidence.<\/p>\n\n\n\n<h4><strong>What is the school community like?<\/strong><\/h4>\n\n\n\n<p>We employ approximately 100 people, including nearly 70 teachers. We care for over 550 children. We form a&nbsp;close-knit team that is not afraid of challenges and seeks the best solutions.<\/p>\n\n\n\n<h4><strong>Do you conduct physical education?<\/strong><\/h4>\n\n\n\n<p>We focus on diversity: sports activities, handicraft workshops, carpentry, gardening, and ceramics projects. In preschool, we implement projects in mathematics, robotics, and ecology. We utilize EU funds and international programs that support the development of students and teachers.<\/p>\n\n\n<div class=\"wp-block-image\">\n<figure class=\"aligncenter size-large\"><img loading=\"lazy\" width=\"878\" height=\"1024\" src=\"http:\/\/whystory.pl\/en\/wp-content\/uploads\/2026\/04\/JOANNA-CZARNECKA-2-878x1024.jpg\" alt=\"\" class=\"wp-image-6579\" srcset=\"http:\/\/whystory.pl\/en\/wp-content\/uploads\/2026\/04\/JOANNA-CZARNECKA-2-878x1024.jpg 878w, http:\/\/whystory.pl\/en\/wp-content\/uploads\/2026\/04\/JOANNA-CZARNECKA-2-257x300.jpg 257w, http:\/\/whystory.pl\/en\/wp-content\/uploads\/2026\/04\/JOANNA-CZARNECKA-2-768x895.jpg 768w, http:\/\/whystory.pl\/en\/wp-content\/uploads\/2026\/04\/JOANNA-CZARNECKA-2-1318x1536.jpg 1318w, http:\/\/whystory.pl\/en\/wp-content\/uploads\/2026\/04\/JOANNA-CZARNECKA-2-696x811.jpg 696w, http:\/\/whystory.pl\/en\/wp-content\/uploads\/2026\/04\/JOANNA-CZARNECKA-2-1068x1245.jpg 1068w, http:\/\/whystory.pl\/en\/wp-content\/uploads\/2026\/04\/JOANNA-CZARNECKA-2-360x420.jpg 360w, http:\/\/whystory.pl\/en\/wp-content\/uploads\/2026\/04\/JOANNA-CZARNECKA-2.jpg 1575w\" sizes=\"(max-width: 878px) 100vw, 878px\" \/><\/figure><\/div>\n\n\n<h4><strong>What are you most proud of?<\/strong><\/h4>\n\n\n\n<p>Besides our previous achievements, I\u2019m particularly proud of our school\u2019s patron saint, Tadeusz R\u00f3\u017cewicz. I&nbsp;was convinced that the school community needed an authority figure with whom it could identify. I&nbsp;thought this poet, with his ties to our area, would be the ideal choice. Initially, few believed the idea would come to fruition. I&nbsp;wrote to the poet\u2019s daughter-in-law, Ma\u0142gorzata R\u00f3\u017cewicz, who responded kindly, referring me to her daughter, Julia, who handles copyright issues. The process of obtaining permission wasn\u2019t easy \u2013 the poet himself approached such initiatives with reserve \u2013 but it was ultimately successful. It was a&nbsp;moment of immense joy for me. This year we celebrate the fifth anniversary of the naming ceremony. The patron saint isn\u2019t a&nbsp;symbolic figure for us \u2013 the students care for the poet\u2019s mother\u2019s grave, located in the nearby cemetery. Every year, we also organize \u201eTea at Tadek\u2019s,\u201d combined with an inter-school art competition. There are also beautiful, unexpected gestures \u2013 sculptor Jaros\u0142aw Jasi\u0144ski recently donated a&nbsp;plaster bust of the poet to the school, which further enhances his presence in our space.<\/p>\n\n\n\n<h4><strong>What are your plans for the near future?<\/strong><\/h4>\n\n\n\n<p>I&nbsp;want to develop educational activities based on the Montessori method, Kids\u2019 Skills, strengthen students\u2019 social skills, and raise more funds for the school\u2019s development. I&nbsp;also plan to continue my personal development in the field of psychology.<\/p>\n\n\n\n<h4><strong>How do\u00a0you spend your free time?<\/strong><\/h4>\n\n\n\n<p>Primarily with family and friends. I&nbsp;enjoy physical activity, trips to the mountains, the sea, yoga, and reading. Music also holds an important place \u2013 especially Chopin\u2019s music. I&nbsp;always look forward to the Chopin Competition, which recharges my batteries for the coming years.<\/p>\n\n\n\n<h4><strong>So, what can I\u00a0wish you?<\/strong><\/h4>\n\n\n\n<p>Perseverance, energy, and an enless faith in people. I\u00a0have many plans, and I\u00a0would like to continue pursuing them with the same passion and commitment. <\/p>\n\n\n\n<p class=\"has-text-align-right\"><strong><em>Wojciech Skowro\u0144ski<br>Beata Seku\u0142a<\/em><\/strong><\/p>\n\n\n\n<figure class=\"wp-block-image size-large is-resized\"><img loading=\"lazy\" src=\"http:\/\/whystory.pl\/en\/wp-content\/uploads\/2026\/04\/LOGO_SP_23-1024x1024.png\" alt=\"\" class=\"wp-image-6585\" width=\"239\" height=\"239\" srcset=\"http:\/\/whystory.pl\/en\/wp-content\/uploads\/2026\/04\/LOGO_SP_23-1024x1024.png 1024w, http:\/\/whystory.pl\/en\/wp-content\/uploads\/2026\/04\/LOGO_SP_23-300x300.png 300w, http:\/\/whystory.pl\/en\/wp-content\/uploads\/2026\/04\/LOGO_SP_23-150x150.png 150w, http:\/\/whystory.pl\/en\/wp-content\/uploads\/2026\/04\/LOGO_SP_23-768x768.png 768w, http:\/\/whystory.pl\/en\/wp-content\/uploads\/2026\/04\/LOGO_SP_23-1536x1536.png 1536w, http:\/\/whystory.pl\/en\/wp-content\/uploads\/2026\/04\/LOGO_SP_23-2048x2048.png 2048w, http:\/\/whystory.pl\/en\/wp-content\/uploads\/2026\/04\/LOGO_SP_23-696x696.png 696w, http:\/\/whystory.pl\/en\/wp-content\/uploads\/2026\/04\/LOGO_SP_23-1068x1068.png 1068w, http:\/\/whystory.pl\/en\/wp-content\/uploads\/2026\/04\/LOGO_SP_23-420x420.png 420w\" sizes=\"(max-width: 239px) 100vw, 239px\" \/><\/figure>\n","protected":false},"excerpt":{"rendered":"<p>A\u00a0interview with Dr. Joanna Soko\u0142owska-Czarnecka, principal of\u00a0School and\u00a0Preschool Complex No.\u00a016 in Gliwice, about her passion for\u00a0schoolwork, her ability to\u00a0unite a\u00a0team, and the successful implementation of difficult plans. The\u00a0principal has just been nominated for the Charismatic Woman award. Were you born a\u00a0Charismatic Woman? Hmm, not really. I&nbsp;didn\u2019t serve as a&nbsp;leader at school, nor did I&nbsp;strive for [&hellip;]<\/p>\n","protected":false},"author":2,"featured_media":6580,"comment_status":"closed","ping_status":"closed","sticky":false,"template":"","format":"standard","meta":[],"categories":[1141],"tags":[],"acf":[],"_links":{"self":[{"href":"http:\/\/whystory.pl\/en\/wp-json\/wp\/v2\/posts\/6577"}],"collection":[{"href":"http:\/\/whystory.pl\/en\/wp-json\/wp\/v2\/posts"}],"about":[{"href":"http:\/\/whystory.pl\/en\/wp-json\/wp\/v2\/types\/post"}],"author":[{"embeddable":true,"href":"http:\/\/whystory.pl\/en\/wp-json\/wp\/v2\/users\/2"}],"replies":[{"embeddable":true,"href":"http:\/\/whystory.pl\/en\/wp-json\/wp\/v2\/comments?post=6577"}],"version-history":[{"count":4,"href":"http:\/\/whystory.pl\/en\/wp-json\/wp\/v2\/posts\/6577\/revisions"}],"predecessor-version":[{"id":6588,"href":"http:\/\/whystory.pl\/en\/wp-json\/wp\/v2\/posts\/6577\/revisions\/6588"}],"wp:featuredmedia":[{"embeddable":true,"href":"http:\/\/whystory.pl\/en\/wp-json\/wp\/v2\/media\/6580"}],"wp:attachment":[{"href":"http:\/\/whystory.pl\/en\/wp-json\/wp\/v2\/media?parent=6577"}],"wp:term":[{"taxonomy":"category","embeddable":true,"href":"http:\/\/whystory.pl\/en\/wp-json\/wp\/v2\/categories?post=6577"},{"taxonomy":"post_tag","embeddable":true,"href":"http:\/\/whystory.pl\/en\/wp-json\/wp\/v2\/tags?post=6577"}],"curies":[{"name":"wp","href":"https:\/\/api.w.org\/{rel}","templated":true}]}}