{"id":6503,"date":"2026-04-29T15:52:22","date_gmt":"2026-04-29T13:52:22","guid":{"rendered":"http:\/\/whystory.pl\/en\/?p=6503"},"modified":"2026-04-29T15:52:23","modified_gmt":"2026-04-29T13:52:23","slug":"effective-combining-psychology-with-law","status":"publish","type":"post","link":"http:\/\/whystory.pl\/en\/effective-combining-psychology-with-law\/","title":{"rendered":"Effective Combining Psychology with Law"},"content":{"rendered":"\n<h3><strong>A\u00a0interview with Monika Wszo\u0142ek \u2013 a\u00a0lawyer, owner of a\u00a0law firm, member of the National Center of the Defense of Fathers\u2019 Rights, and legal guardian of people with disabilities and social exclusion \u2013 about her professional fulfillment, as well as\u00a0her role as a\u00a0mother and partner, and about her extraordinary discoveries and dreams. W\u0142a\u015bnie mec. Monika Wszo\u0142ek became nominated to the title of\u00a0Leader\u00a0by\u00a0Vocation.<\/strong><\/h3>\n\n\n\n<h4><strong>When did you realize you were a\u00a0leader?<\/strong><\/h4>\n\n\n\n<p>Even at home, I&nbsp;showed initiative, stemming from being a&nbsp;\u201edaddy\u2019s girl.\u201d However, I&nbsp;must admit that for a&nbsp;long time, I&nbsp;was shy outside the home. We had no family in Silesia, so my parents took me everywhere, so I\u2019m that child who sat under the table during adult conversations.<\/p>\n\n\n\n<h4><strong>You\u2019re writing a\u00a0book now\u2026<\/strong><\/h4>\n\n\n\n<p>Two books, in fact. The first one I&nbsp;want to mention concerns my family, the war years and beyond. It&nbsp;was during this time that I&nbsp;learned that I&nbsp;have Jewish roots.<\/p>\n\n\n\n<h4><strong>How did it happen?<\/strong><\/h4>\n\n\n\n<p>It\u2019s a&nbsp;very strange story. Back in high school, I&nbsp;dreamed of my grandmother. She\u2019d come to me and told me that only I&nbsp;could find out the truth. That\u2019s when I&nbsp;started asking my parents if I&nbsp;was adopted Jewish. It turned out that this stemmed from my father\u2019s story, a&nbsp;victim of the Holocaust, and that my grandparents likely perished during the Warsaw Uprising. I&nbsp;think it\u2019s significant that my uncle was Roman Pola\u0144ski\u2019s friend, and my aunt was Bronis\u0142awa Horowitz\u2019s friend \u2013 the last surviving woman from Schindler\u2019s List. The person who serves Schindler a&nbsp;bread cake in the film is just my aunt. I&nbsp;read a&nbsp;lot, and contemporary history suggests how I&nbsp;should begin writing a&nbsp;book. Recently, when I&nbsp;became interested in my family\u2019s genes, the Ambassador for Infrastructure in South Australia contacted me, telling me that we shared genes and that he had knowledge of my family from Krakow. It\u2019s worth noting that my father came from the largest Jewish family in Krakow.<\/p>\n\n\n\n<h4><strong>You have three children: the oldest is twenty-four-year-old Kuba, fourteen-year-old Ania, and the youngest, twelve-year-old Leon. And here\u2019s an interesting fact about your family\u2026<\/strong><\/h4>\n\n\n\n<p>Yes. It turns out that my great-grandparents had nine children, and three of them are Ania, Kuba, and Leon. I&nbsp;didn\u2019t know this, and it was quite by accident that I&nbsp;named my children that.<\/p>\n\n\n<div class=\"wp-block-image\">\n<figure class=\"aligncenter size-large\"><img loading=\"lazy\" width=\"795\" height=\"1024\" src=\"http:\/\/whystory.pl\/en\/wp-content\/uploads\/2026\/04\/IMG_6351-795x1024.jpg\" alt=\"\" class=\"wp-image-6505\" srcset=\"http:\/\/whystory.pl\/en\/wp-content\/uploads\/2026\/04\/IMG_6351-795x1024.jpg 795w, http:\/\/whystory.pl\/en\/wp-content\/uploads\/2026\/04\/IMG_6351-233x300.jpg 233w, http:\/\/whystory.pl\/en\/wp-content\/uploads\/2026\/04\/IMG_6351-768x990.jpg 768w, http:\/\/whystory.pl\/en\/wp-content\/uploads\/2026\/04\/IMG_6351-1192x1536.jpg 1192w, http:\/\/whystory.pl\/en\/wp-content\/uploads\/2026\/04\/IMG_6351-1589x2048.jpg 1589w, http:\/\/whystory.pl\/en\/wp-content\/uploads\/2026\/04\/IMG_6351-696x897.jpg 696w, http:\/\/whystory.pl\/en\/wp-content\/uploads\/2026\/04\/IMG_6351-1068x1376.jpg 1068w, http:\/\/whystory.pl\/en\/wp-content\/uploads\/2026\/04\/IMG_6351-326x420.jpg 326w, http:\/\/whystory.pl\/en\/wp-content\/uploads\/2026\/04\/IMG_6351-scaled.jpg 1986w\" sizes=\"(max-width: 795px) 100vw, 795px\" \/><\/figure><\/div>\n\n\n<h4><strong>Are you proud of your children?<\/strong><\/h4>\n\n\n\n<p>Of course. I\u2019m glad they\u2019re here. Not because I\u00a0have a\u00a0good relationship with them or they\u2019re doing well in school, but because they are. It makes me feel fulfilled.<br><\/p>\n\n\n\n<h4><strong>Is this empathy that made defend the rights of children and their fathers today?<\/strong><\/h4>\n\n\n\n<p>I&nbsp;defend the rights of children, and fathers because they get hit hard. I&nbsp;am even going to start a&nbsp;foundation soon, but for now I\u2019m working at the National Center for the Defense of Fathers\u2019 Rights and I&nbsp;provide legal advice for charity for two hours a&nbsp;week.<\/p>\n\n\n\n<h4><strong>Do you have any siblings?<\/strong><\/h4>\n\n\n\n<p>Yes, an older brother. Things weren\u2019t always ideal between us. We argued and even had childhood fights, but when our father died a&nbsp;few years ago, my brother took on his role and became very protective. He probably saw how I&nbsp;was suffering because of the loss. My father plays a&nbsp;special role in my life; for 20 years we worked side by side. He was very demanding and strict with me. He used to tell me, \u201eYou\u2019re my daughter, we work together, so you have to be at work 15 minutes before everyone else and leave 15 minutes after.\u201d Today, my brother plays a&nbsp;special role in my life; I&nbsp;can always count on him, and I&nbsp;love him very much.<\/p>\n\n\n<div class=\"wp-block-image\">\n<figure class=\"aligncenter size-large\"><img loading=\"lazy\" width=\"739\" height=\"1024\" src=\"http:\/\/whystory.pl\/en\/wp-content\/uploads\/2026\/04\/IMG_6355-739x1024.jpg\" alt=\"\" class=\"wp-image-6507\" srcset=\"http:\/\/whystory.pl\/en\/wp-content\/uploads\/2026\/04\/IMG_6355-739x1024.jpg 739w, http:\/\/whystory.pl\/en\/wp-content\/uploads\/2026\/04\/IMG_6355-217x300.jpg 217w, http:\/\/whystory.pl\/en\/wp-content\/uploads\/2026\/04\/IMG_6355-768x1064.jpg 768w, http:\/\/whystory.pl\/en\/wp-content\/uploads\/2026\/04\/IMG_6355-1109x1536.jpg 1109w, http:\/\/whystory.pl\/en\/wp-content\/uploads\/2026\/04\/IMG_6355-1478x2048.jpg 1478w, http:\/\/whystory.pl\/en\/wp-content\/uploads\/2026\/04\/IMG_6355-696x964.jpg 696w, http:\/\/whystory.pl\/en\/wp-content\/uploads\/2026\/04\/IMG_6355-1068x1479.jpg 1068w, http:\/\/whystory.pl\/en\/wp-content\/uploads\/2026\/04\/IMG_6355-303x420.jpg 303w, http:\/\/whystory.pl\/en\/wp-content\/uploads\/2026\/04\/IMG_6355-scaled.jpg 1848w\" sizes=\"(max-width: 739px) 100vw, 739px\" \/><\/figure><\/div>\n\n\n<h4><strong>You have three children, a\u00a0partner, and a\u00a0good job \u2013 so you\u2019re fulfilling yourself.<\/strong><\/h4>\n\n\n\n<p>Yes, today I&nbsp;am. I&nbsp;really enjoy my work. I\u2019m also proud that I\u2019ve regained my self-esteem, which was seriously shaken for many years. Two years ago, I&nbsp;became seriously ill, and a&nbsp;year ago, I&nbsp;finally separated from my husband \u2013 it was a&nbsp;very difficult time for me. Today, I\u2019m happy. I\u2019ve met someone special, with whom I&nbsp;share common passions and can count on his support. I&nbsp;used to love participating in world car rallies \u2013 now we do&nbsp;it together. We travel a&nbsp;lot, explore, shop together, and enjoy life. I&nbsp;have a&nbsp;sense of security I&nbsp;haven\u2019t experienced in many years.<\/p>\n\n\n\n<h4><strong>How long have you been an attorney?<\/strong><\/h4>\n\n\n\n<p>I\u2019ve been working as a&nbsp;lawyer for almost thirty years, but as a&nbsp;solicitor for ten now. I&nbsp;always knew I&nbsp;wanted to be a&nbsp;lawyer and do&nbsp;what I&nbsp;do&nbsp;best. I&nbsp;really enjoy my work.<\/p>\n\n\n<div class=\"wp-block-image\">\n<figure class=\"alignleft size-large\"><img loading=\"lazy\" width=\"839\" height=\"1024\" src=\"http:\/\/whystory.pl\/en\/wp-content\/uploads\/2026\/04\/IMG_6353-839x1024.jpg\" alt=\"\" class=\"wp-image-6508\" srcset=\"http:\/\/whystory.pl\/en\/wp-content\/uploads\/2026\/04\/IMG_6353-839x1024.jpg 839w, http:\/\/whystory.pl\/en\/wp-content\/uploads\/2026\/04\/IMG_6353-246x300.jpg 246w, http:\/\/whystory.pl\/en\/wp-content\/uploads\/2026\/04\/IMG_6353-768x937.jpg 768w, http:\/\/whystory.pl\/en\/wp-content\/uploads\/2026\/04\/IMG_6353-1258x1536.jpg 1258w, http:\/\/whystory.pl\/en\/wp-content\/uploads\/2026\/04\/IMG_6353-1678x2048.jpg 1678w, http:\/\/whystory.pl\/en\/wp-content\/uploads\/2026\/04\/IMG_6353-696x850.jpg 696w, http:\/\/whystory.pl\/en\/wp-content\/uploads\/2026\/04\/IMG_6353-1068x1304.jpg 1068w, http:\/\/whystory.pl\/en\/wp-content\/uploads\/2026\/04\/IMG_6353-344x420.jpg 344w\" sizes=\"(max-width: 839px) 100vw, 839px\" \/><\/figure><\/div>\n\n\n<h4><strong>Do you only deal with cases involving children and fathers?<\/strong><\/h4>\n\n\n\n<p>Not only that. We also receive cases assigned by the court. Because I\u00a0practice family law, I\u2019m also a\u00a0guardian for children. I\u00a0also have my own incapacitated wards.<br><\/p>\n\n\n\n<h4><strong>What does your care for them look like?<\/strong><\/h4>\n\n\n\n<p>This should be just a&nbsp;formality-related role, but the law doesn\u2019t specify this, so I&nbsp;often act as a&nbsp;guardian. I&nbsp;currently care for fifteen children and about 40 incapacitated wards. I&nbsp;go to doctor\u2019s appointments with them, talk on the phone, or visit them.<\/p>\n\n\n<div class=\"wp-block-image\">\n<figure class=\"aligncenter size-large\"><img loading=\"lazy\" width=\"1002\" height=\"1024\" src=\"http:\/\/whystory.pl\/en\/wp-content\/uploads\/2026\/04\/IMG_6359-1002x1024.jpg\" alt=\"\" class=\"wp-image-6509\" srcset=\"http:\/\/whystory.pl\/en\/wp-content\/uploads\/2026\/04\/IMG_6359-1002x1024.jpg 1002w, http:\/\/whystory.pl\/en\/wp-content\/uploads\/2026\/04\/IMG_6359-294x300.jpg 294w, http:\/\/whystory.pl\/en\/wp-content\/uploads\/2026\/04\/IMG_6359-768x785.jpg 768w, http:\/\/whystory.pl\/en\/wp-content\/uploads\/2026\/04\/IMG_6359-1504x1536.jpg 1504w, http:\/\/whystory.pl\/en\/wp-content\/uploads\/2026\/04\/IMG_6359-2005x2048.jpg 2005w, http:\/\/whystory.pl\/en\/wp-content\/uploads\/2026\/04\/IMG_6359-356x364.jpg 356w, http:\/\/whystory.pl\/en\/wp-content\/uploads\/2026\/04\/IMG_6359-696x711.jpg 696w, http:\/\/whystory.pl\/en\/wp-content\/uploads\/2026\/04\/IMG_6359-1068x1091.jpg 1068w, http:\/\/whystory.pl\/en\/wp-content\/uploads\/2026\/04\/IMG_6359-411x420.jpg 411w\" sizes=\"(max-width: 1002px) 100vw, 1002px\" \/><\/figure><\/div>\n\n\n<h4><strong>How do\u00a0you relax when you finally have some time?<\/strong><\/h4>\n\n\n\n<p>My partner and I&nbsp;most enjoy going to his house in the Bieszczady Mountains. There, I&nbsp;go for mountain walks, cook, plant, preserve, and grow plants. It gives me balance in life. There, I\u2019m Monika, not a&nbsp;lawyer.<\/p>\n\n\n\n<h4><strong>And why did you also take up psychology and pursue this field of study?<\/strong><\/h4>\n\n\n\n<p>Thanks to these studies, I\u2019m learning how to communicate with my wards. It\u2019s important to remember that these are people who have been battered by life. Besides, I&nbsp;deal with the very demanding legal profession and have three children of my own.<\/p>\n\n\n<div class=\"wp-block-image\">\n<figure class=\"aligncenter size-large\"><img loading=\"lazy\" width=\"682\" height=\"1024\" src=\"http:\/\/whystory.pl\/en\/wp-content\/uploads\/2026\/04\/IMG_6350-682x1024.jpg\" alt=\"\" class=\"wp-image-6510\" srcset=\"http:\/\/whystory.pl\/en\/wp-content\/uploads\/2026\/04\/IMG_6350-682x1024.jpg 682w, http:\/\/whystory.pl\/en\/wp-content\/uploads\/2026\/04\/IMG_6350-200x300.jpg 200w, http:\/\/whystory.pl\/en\/wp-content\/uploads\/2026\/04\/IMG_6350-768x1152.jpg 768w, http:\/\/whystory.pl\/en\/wp-content\/uploads\/2026\/04\/IMG_6350-1024x1536.jpg 1024w, http:\/\/whystory.pl\/en\/wp-content\/uploads\/2026\/04\/IMG_6350-1365x2048.jpg 1365w, http:\/\/whystory.pl\/en\/wp-content\/uploads\/2026\/04\/IMG_6350-696x1044.jpg 696w, http:\/\/whystory.pl\/en\/wp-content\/uploads\/2026\/04\/IMG_6350-1068x1602.jpg 1068w, http:\/\/whystory.pl\/en\/wp-content\/uploads\/2026\/04\/IMG_6350-280x420.jpg 280w, http:\/\/whystory.pl\/en\/wp-content\/uploads\/2026\/04\/IMG_6350-scaled.jpg 1706w\" sizes=\"(max-width: 682px) 100vw, 682px\" \/><\/figure><\/div>\n\n\n<h4><strong>Are you happy with your career path?<\/strong><\/h4>\n\n\n\n<p>Yes. I\u2019m happy and nourished by the fact that for some of my clients, I\u2019m the one, that 28-year-old Pawe\u0142ek calls me \u201eMom,\u201d that two 50-year-olds are waiting for me as if I\u00a0were the person they love most. When I\u00a0prepare packages for them, I\u00a0know exactly what\u2019s inside\u2014from handbags to perfume. I\u00a0know what\u2019s for whom. My children, even the adult ones, always need something, and they know they can count on me. <\/p>\n\n\n\n<p class=\"has-text-align-right\"><em><strong>Wojciech Skowro\u0144ski<br>Beata Seku\u0142a<\/strong><\/em><\/p>\n","protected":false},"excerpt":{"rendered":"<p>A\u00a0interview with Monika Wszo\u0142ek \u2013 a\u00a0lawyer, owner of a\u00a0law firm, member of the National Center of the Defense of Fathers\u2019 Rights, and legal guardian of people with disabilities and social exclusion \u2013 about her professional fulfillment, as well as\u00a0her role as a\u00a0mother and partner, and about her extraordinary discoveries and dreams. W\u0142a\u015bnie mec. Monika Wszo\u0142ek [&hellip;]<\/p>\n","protected":false},"author":2,"featured_media":6506,"comment_status":"closed","ping_status":"closed","sticky":false,"template":"","format":"standard","meta":[],"categories":[1140],"tags":[],"acf":[],"_links":{"self":[{"href":"http:\/\/whystory.pl\/en\/wp-json\/wp\/v2\/posts\/6503"}],"collection":[{"href":"http:\/\/whystory.pl\/en\/wp-json\/wp\/v2\/posts"}],"about":[{"href":"http:\/\/whystory.pl\/en\/wp-json\/wp\/v2\/types\/post"}],"author":[{"embeddable":true,"href":"http:\/\/whystory.pl\/en\/wp-json\/wp\/v2\/users\/2"}],"replies":[{"embeddable":true,"href":"http:\/\/whystory.pl\/en\/wp-json\/wp\/v2\/comments?post=6503"}],"version-history":[{"count":2,"href":"http:\/\/whystory.pl\/en\/wp-json\/wp\/v2\/posts\/6503\/revisions"}],"predecessor-version":[{"id":6511,"href":"http:\/\/whystory.pl\/en\/wp-json\/wp\/v2\/posts\/6503\/revisions\/6511"}],"wp:featuredmedia":[{"embeddable":true,"href":"http:\/\/whystory.pl\/en\/wp-json\/wp\/v2\/media\/6506"}],"wp:attachment":[{"href":"http:\/\/whystory.pl\/en\/wp-json\/wp\/v2\/media?parent=6503"}],"wp:term":[{"taxonomy":"category","embeddable":true,"href":"http:\/\/whystory.pl\/en\/wp-json\/wp\/v2\/categories?post=6503"},{"taxonomy":"post_tag","embeddable":true,"href":"http:\/\/whystory.pl\/en\/wp-json\/wp\/v2\/tags?post=6503"}],"curies":[{"name":"wp","href":"https:\/\/api.w.org\/{rel}","templated":true}]}}